[{"@context":"https:\/\/schema.org\/","@type":"Article","@id":"https:\/\/www.orzan.sk\/akoby-sa-zrychlil-vsetok-cas-sveta\/#Article","mainEntityOfPage":"https:\/\/www.orzan.sk\/akoby-sa-zrychlil-vsetok-cas-sveta\/","headline":"Akoby sa zr\u00fdchlil v\u0161etok \u010das sveta!","name":"Akoby sa zr\u00fdchlil v\u0161etok \u010das sveta!","description":"Po cel\u00e9 tie roky ste sa mo\u017eno na bakal\u00e1rovi fl\u00e1kali, na in\u017einierovi u\u017e tro\u0161ku pracovali, ale na doktorovi, to u\u017e je o\u00a0nie\u010dom \u00faplne inom! Ste","datePublished":"2022-10-31","dateModified":"2023-11-08","author":{"@type":"Person","@id":"https:\/\/www.orzan.sk\/author\/#Person","name":"","url":"https:\/\/www.orzan.sk\/author\/","identifier":1,"image":{"@type":"ImageObject","@id":"https:\/\/secure.gravatar.com\/avatar\/014a645f9f16d49aceddb25e316448c724bd78e7db0ee7a34c29417d5ca39ef1?s=96&d=mm&r=g","url":"https:\/\/secure.gravatar.com\/avatar\/014a645f9f16d49aceddb25e316448c724bd78e7db0ee7a34c29417d5ca39ef1?s=96&d=mm&r=g","height":96,"width":96}},"publisher":{"@type":"Organization","name":"orzan.sk","logo":{"@type":"ImageObject","@id":"\/logo.png","url":"\/logo.png","width":600,"height":60}},"url":"https:\/\/www.orzan.sk\/akoby-sa-zrychlil-vsetok-cas-sveta\/","wordCount":244,"articleBody":"Po cel\u00e9 tie roky ste sa mo\u017eno na bakal\u00e1rovi fl\u00e1kali, na in\u017einierovi u\u017e tro\u0161ku pracovali, ale na doktorovi, to u\u017e je o\u00a0nie\u010dom \u00faplne inom! Ste obklopen\u00ed mnoh\u00fdmi v\u00fdskumami, aby toho nebolo m\u00e1lo, e\u0161te vyu\u010dujete nejak\u00fd ten predmet a\u00a0m\u00e1te desiatky \u0161tudentsk\u00fdch emailov denne, na ktor\u00e9 by to chcelo odpoveda\u0165! M\u00e1te toho viac, ne\u017e dos\u0165 a\u00a0o\u00a0tom niet poch\u00fdb! Ale ke\u010f u\u017e ste boli t\u00fdmi odv\u00e1\u017elivcami a\u00a0povedali si, \u017ee do toho idete, tak by bola \u0161koda to teraz vzda\u0165! A\u00a0navy\u0161e, va\u0161i rodi\u010dia bud\u00fa na V\u00e1s ve\u013emi hrd\u00ed a\u00a0to predsa stoj\u00ed za to!\tAle ke\u010f Vy m\u00e1te pocit, \u017ee u\u017e nevl\u00e1dzete?Nevad\u00ed! Aj s\u00a0t\u00fdmto sa d\u00e1 nie\u010do urobi\u0165! Rigor\u00f3zna pr\u00e1ca sa s\u00edce sama nenap\u00ed\u0161e, ale s\u00fa t mo\u017enosti ako ju m\u00f4\u017ee nap\u00edsa\u0165 niekto za V\u00e1s! \u017de nikoho tak\u00e9hoto nepozn\u00e1te? To v\u00f4bec nevad\u00ed, preto\u017ee my pozn\u00e1me mnoho profesion\u00e1lnych pis\u00e1rov, ktor\u00ed to nap\u00ed\u0161u radi za V\u00e1s! A\u00a0Vy m\u00f4\u017eete v\u00a0k\u013eude oddychova\u0165 alebo sa pripravova\u0165 na sk\u00fa\u0161ku! Sta\u010d\u00ed n\u00e1m p\u00e1r dn\u00ed, Va\u0161e konkr\u00e9tne zadanie a v\u0161etko ide hladko, r\u00fdchlo a\u00a0jednoducho a\u00a0samozrejme, \u017ee sa v\u00fdborn\u00fa cenu! Vy e\u0161te skuto\u010dne v\u00e1hate? A\u00a0pre\u010do?                                                                                                                                                                                                                                                                                                                                                                                        3.9\/5 - (15 votes)        "},{"@context":"https:\/\/schema.org\/","@type":"BreadcrumbList","itemListElement":[{"@type":"ListItem","position":1,"name":"Akoby sa zr\u00fdchlil v\u0161etok \u010das sveta!","item":"https:\/\/www.orzan.sk\/akoby-sa-zrychlil-vsetok-cas-sveta\/#breadcrumbitem"}]}]